{"id":12529,"date":"2021-03-08T19:08:00","date_gmt":"2021-03-08T19:08:00","guid":{"rendered":"https:\/\/klinika-neurorehabilitacji.pl\/de\/?p=12529"},"modified":"2021-05-08T20:32:45","modified_gmt":"2021-05-08T20:32:45","slug":"wywiad-z-dr-romanem-olejniczakiem","status":"publish","type":"post","link":"https:\/\/klinika-neurorehabilitacji.pl\/de\/wywiad-z-dr-romanem-olejniczakiem\/","title":{"rendered":"Wywiad z dr Romanem Olejniczakiem"},"content":{"rendered":"\n<h2 class=\"wp-block-heading\"><strong>Opr\u00f3cz rodziny nie ma nic pi\u0119kniejszego ni\u017c neurologia<\/strong><\/h2>\n\n\n\n<figure class=\"wp-block-image size-large\"><img decoding=\"async\" src=\"https:\/\/fundacja-dajcosodsiebie.pl\/wp-content\/uploads\/2021\/03\/Zrzut-ekranu-2021-03-21-o-11.10.55-833x1024.png\" alt=\"\" class=\"wp-image-1649\"\/><\/figure>\n\n\n\n<h3 class=\"has-text-align-center wp-block-heading\">WSZYSTKO ZACZ\u0118\u0141O SI\u0118 OD NIESZCZ\u0118\u015aCIA, JAKIM BY\u0141 URAZ KR\u0118GOS\u0141UPA, DZI\u0118KI KT\u00d3REMU ODNALAZ\u0141EM SWOJ\u0104 \u017bYCIOW\u0104 DROG\u0118, A TA PRZERODZI\u0141A SI\u0118 W PASJ\u0118 DO POMAGANIA PACJENTOM \u2013 ZACZYNA SWOJ\u0104 HISTORI\u0118&nbsp;<strong>ROMAN OLEJNICZAK,&nbsp;<\/strong>FIZJOTERAPEUTA NEUROLOGICZNY.<\/h3>\n\n\n\n<p>Od 12. roku trenowa\u0142 taekwondo \u2013 to by\u0142a jego wielka pasja, bra\u0142 udzia\u0142 w amatorskich zawodach. Przez lata miewa\u0142 mniejsze i wi\u0119ksze kontuzje, ale zawsze wychodzi\u0142 z nich obronn\u0105 r\u0119k\u0105. Do czasu, gdy dosz\u0142o do powa\u017cnego urazu kr\u0119gos\u0142upa \u2013 wysuni\u0119cia si\u0119 kr\u0105\u017cka na dw\u00f3ch poziomach. Lekarze nie mieli w\u0105tpliwo\u015bci, \u017ce nie ma innej drogi ni\u017c operacja. Poinformowano go, \u017ce zabieg, jak ka\u017cda operacja na kr\u0119gos\u0142upie, niesie ze sob\u0105 ryzyko. Mia\u0142 19 lat. <br>\u2013 Spotka\u0142em wtedy trenera lekkoatletyki, kt\u00f3ry powiedzia\u0142, abym tego nie robi\u0142. Zamiast operacji zaproponowa\u0142 \u0107wiczenia. Brzmia\u0142o to dla mnie sensowniej ni\u017c operacja.<\/p>\n\n\n\n<h4 class=\"wp-block-heading\"><strong>Trzy lata w gipsie<\/strong><\/h4>\n\n\n\n<p>Przez pierwsze p\u00f3\u0142 roku fizjoterapia Romana by\u0142a bardzo intensywna. Dopiero po tym czasie, jako tako, wr\u00f3ci\u0142 do normalnego \u017cycia. Na taekwon-&nbsp;do te\u017c wr\u00f3ci\u0142, ale po kolejnych sze\u015bciu miesi\u0105cach i w mniejszym wymiarze ni\u017c kiedy\u015b. Raz, \u017ce przebyta kontuzja nios\u0142a ze sob\u0105 ryzyko, a dwa, \u017ce w jego \u017cyciu pojawi\u0142a si\u0119 nowa pasja. <br>\u2013 Zafascynowa\u0142 mnie proces, kt\u00f3ry we mnie zaszed\u0142 i to, \u017ce dzi\u0119ki niemu uda\u0142o si\u0119 unikn\u0105\u0107 operacji. Nie wiedzia\u0142em dot\u0105d, \u017ce fizjoterapia mo\u017ce dawa\u0107 takie rezultaty. A to przecie\u017c nic w por\u00f3wnaniu z niesamowitymi post\u0119pami, jakie zobaczy\u0142em po latach, gdy sam zosta\u0142em fizjoterapeut\u0105.<br>Okazuje si\u0119, \u017ce jednego z takich niezwyk\u0142ych post\u0119p\u00f3w nie by\u0142 nawet \u015bwiadom, cho\u0107 dotyczy\u0142 jego samego. Fizjoterapii by\u0142 bowiem poddawany niemal\u017ce od urodzenia. Na \u015bwiat przyszed\u0142 z bardzo du\u017cym niedoborem witaminy D, kt\u00f3ry doprowadzi\u0142 do tego, \u017ce mia\u0142 zwichni\u0119te oba biodra, niedow\u0142ad ko\u0144czyny i brak wykszta\u0142cenia j\u0105der kostnienia. <br>\u2013 W tamtych czasach wiele dzieci z takimi objawami nie stawa\u0142o na nogi \u2013 t\u0142umaczy. <br>\u2013 Mama jednak trafi\u0142a na bardzo dobrego ortoped\u0119, kt\u00f3ry mnie z tego wyprowadzi\u0142 przy pomocy rehabilitacji i sanatori\u00f3w. Jednym z element\u00f3w terapii by\u0142o gipsowanie co dwa tygo-&nbsp;dnie. Teraz to si\u0119 wydaje szokuj\u0105ce, ale kiedy\u015b stoso-&nbsp;wano tak\u0105 metod\u0119. Trwa\u0142o to wszystko trzy lata. Dopiero gdy mia\u0142em trzy i p\u00f3\u0142 roku, zacz\u0105\u0142em stawia\u0107<\/p>\n\n\n\n<h4 class=\"wp-block-heading\"><strong>Uwi\u0119zieni w ciele<\/strong><\/h4>\n\n\n\n<p>Dzi\u015b Roman jest ju\u017c dr. Romanem Olejniczakiem, specjalist\u0105 w dziedzinie fizjoterapii neurologicznej z ponad 20-letnim sta\u017cem, wyk\u0142adowc\u0105, w\u0142a\u015bci-cielem Kliniki Neurorehabilitacji we Wroc\u0142awiu. Na studiach zainteresowa\u0142y go mo\u017cliwo\u015bci, jakie daje fizjoterapia neurologiczna. <\/p>\n\n\n\n<figure class=\"wp-block-image size-large\"><img decoding=\"async\" src=\"https:\/\/fundacja-dajcosodsiebie.pl\/wp-content\/uploads\/2021\/03\/Zrzut-ekranu-2021-03-21-o-11.16.31-1024x869.png\" alt=\"\" class=\"wp-image-1650\"\/><figcaption><em>Fot. Arch. prywatne R.Olejniczak<\/em><\/figcaption><\/figure>\n\n\n\n<p>\u2013 W 1996 r. pozna\u0142em fizjoterapeut\u0119, kt\u00f3ry jako jeden z niewielu wtedy w Polsce mia\u0142 sko\u0144czone specjalizacje z Bobath i PNF. To by\u0142a wtedy nowo\u015b\u0107 \u2013 opowiada. <br>\u2013 Zobaczy\u0142em pacjenta, kt\u00f3ry rozpoczyna\u0142 fizjoterapi\u0119 na w\u00f3zku, a po paru tygodniach by\u0142 w stanie chodzi\u0107. Wcze\u015bniej nikt nie dawa\u0142 mu szans, \u017ce b\u0119dzie chocia\u017cby sta\u0142. Opr\u00f3cz w\u0142asnej rodziny nie ma nic pi\u0119kniejszego ni\u017c neurologia \u2013 podsumowuje, a to ostatnie zdanie padnie w naszej rozmowie kilkukrotnie. Najcz\u0119\u015bciej jego pacjentami zostaj\u0105 osoby z bardzo du\u017cymi ubytkami neurologicznymi: z pora\u017ceniem po\u0142owiczym lub czteroko\u0144czynowym, urazami czaszkowo-m\u00f3zgowymi. U wielu takich os\u00f3b dochodzi do problem\u00f3w z \u017cywieniem, pacjenci nie s\u0105 w stanie samodzielnie gry\u017a\u0107 i po\u0142yka\u0107, musz\u0105 by\u0107 \u017cywieni pozajelitowo. Niekt\u00f3rzy s\u0105 w stanie ograniczonej \u015bwiadomo\u015bci, bez kontaktu. <br>\u2013 To pacjenci, kt\u00f3rych ju\u017c nikt nie chce leczy\u0107, wszyscy si\u0119 poddaj\u0105. A cz\u0119sto nam si\u0119 tylko wydaje, \u017ce oni s\u0105 bez kontak-&nbsp;tu, sugerujemy si\u0119 pora\u017conym aparatem twarzowym. Oni s\u0105 \u015bwiadomi, ale uwi\u0119zieni we w\u0142asnym ciele. A my jeste\u015bmy w stanie si\u0119 z nimi kontaktowa\u0107 przez ga\u0142k\u0119 oczn\u0105.<br>Chodzi o&nbsp;<em>Metod\u0119 CyberOka (ConsciousnessEye \u2013 oko \u015bwiadomo\u015bci)<\/em>, kt\u00f3ra zosta\u0142a opracowana na Politechnice Gda\u0144skiej. Zadaniem naukowc\u00f3w by\u0142o stworzenie narz\u0119dzia, kt\u00f3re mo\u017cna wykorzystywa\u0107 w diagnozie, rehabilitacji neurologicznej, ale tak\u017ce w codziennej komunikacji z osobami sparali\u017cowanymi. Gdy na skutek stymulacji dochodzi do uruchomienia mechanizm\u00f3w naprawczych, mo\u017cliwe jest r\u00f3wnie\u017c usprawnienie funkcjonowania m\u00f3zgu.<\/p>\n\n\n\n<h4 class=\"wp-block-heading\"><strong>Gdy inni si\u0119 poddaj\u0105<\/strong><\/h4>\n\n\n\n<p>W ci\u0105gu pi\u0119ciu lat Roman wraz zespo\u0142em przebada\u0142 tak ponad 100 pacjent\u00f3w z ograniczon\u0105 \u015bwiadomo\u015bci\u0105 \u2013 90 proc. z nich podj\u0119\u0142o kontakt za pomoc\u0105 ga\u0142ek ocznych. Roman: <br>\u2013 Kamera \u015bwieci w oczy pacjenta. Obraz zostaje odbity na monitorze i w ten spos\u00f3b pacjent ruchem ga\u0142ki ocznej komunikuje si\u0119 z nami. Pocz\u0105tki bywaj\u0105 ci\u0119\u017ckie, niekt\u00f3rzy maj\u0105 trudno\u015bci z nawi\u0105zaniem swobodnej komunikacji, ale \u2013 to przecie\u017c rehabilitacja \u2013 z czasem robi\u0105 post\u0119py. Najpierw pacjent mo\u017ce by\u0107 w stanie tylko wskazywa\u0107 obrazki, ale z czasem zaczyna \u201episa\u0107\u201d na wirtualnej klawiaturze. W ci\u0119\u017cszych przypadkach najpierw wgrywamy pacjentowi zdj\u0119cia rodziny, aby rozr\u00f3\u017cnia\u0142 najbli\u017cszych, a p\u00f3\u017aniej stopniowo przechodzimy do bardziej skomplikowanych zada\u0144.<br>To nowa droga w fizjoterapii neurologicznej nie tylko w Polsce. Cztery lata temu jego zesp\u00f3\u0142 polecia\u0142 do Londynu, aby skonsultowa\u0107 pacjenta le\u017c\u0105cego w tamtejszym szpitalu. Stwierdzono uszkodzenie m\u00f3zgu i o\u015brodka wzroku, niebawem mia\u0142 zosta\u0107 od\u0142\u0105czony od aparatury podtrzymuj\u0105cej \u017cycie. <br>\u2013 W drugiej godzinie wizyty pacjent przem\u00f3wi\u0142 przez cyberoko. Po roku uda\u0142o si\u0119 nam sprowadzi\u0107 go do Polski. W tej chwili komunikuje si\u0119 za pomoc\u0105 oka lub kciuka, rozwi\u0105zuje zadania matematyczne i obstawia mecze ligi angielskiej.<\/p>\n\n\n\n<h4 class=\"wp-block-heading\"><strong>Potrzeba gryzienia i \u017cucia<\/strong><\/h4>\n\n\n\n<p>Jeden z pacjent\u00f3w Romana po dw\u00f3ch latach niem\u00f3wienia jako pierwszy komunikat zaznaczy\u0142 \u201emamo, kocham Ci\u0119\u201d \u2013 to by\u0142a dla wszystkich bardzo wzruszaj\u0105ca chwila. \u2013 Dzi\u015b ten m\u0142ody cz\u0142owiek po przebudzeniu w\u0142\u0105cza sobie okiem ulubion\u0105 muzyk\u0119, ogl\u0105da filmy, czyta ebooki. Uda\u0142o si\u0119 przywr\u00f3ci\u0107 mu zdolno\u015b\u0107 gryzienia i \u017cucia. Kiedy\u015b powiedzia\u0142, \u017ce chcia\u0142by i\u015b\u0107 do kina. Jego tata od razu zgad\u0142, \u017ce zapewne na nowe \u201eGwiezdne wojny\u201d \u2013 pacjent przytakn\u0105\u0142. I poszli\u015bmy do kina w sze\u015b\u0107 os\u00f3b, bo tyle nas by\u0142o potrzeba do przetransportowania ca\u0142ego sprz\u0119tu i zadbania o podopiecznego poza domem. By\u0142o z tym du\u017co logistyki, ale ch\u0142opak by\u0142 szcz\u0119\u015bliwy.<\/p>\n\n\n\n<figure class=\"wp-block-image size-large\"><img decoding=\"async\" src=\"https:\/\/fundacja-dajcosodsiebie.pl\/wp-content\/uploads\/2021\/03\/Zrzut-ekranu-2021-03-21-o-11.22.03-1024x944.png\" alt=\"\" class=\"wp-image-1651\"\/><figcaption><em>Fot. Arch. prywatne R.Olejniczak<\/em><\/figcaption><\/figure>\n\n\n\n<p>Poznaj\u0105c pacjenta, fizjoterapeuta nigdy nie wie, jak d\u0142ugo b\u0119dzie wymaga\u0142 terapii i co si\u0119 uda dzi\u0119ki niej osi\u0105gn\u0105\u0107. Poniewa\u017c do Romana trafiaj\u0105 osoby w bardzo ci\u0119\u017ckim stanie, z niekt\u00f3rymi pracuje kilka, a na-&nbsp;wet kilkana\u015bcie lat. Z jednym z nich, kt\u00f3ry osiem lat wcze\u015bniej przeszed\u0142 powa\u017cny uraz czaszkowo-m\u00f3zgowy, rok temu przebieg\u0142 p\u00f3\u0142maraton. Ale zmiany niecz\u0119sto mog\u0105 by\u0107 a\u017c tak spektakularne. Chocia\u017c dla pacjent\u00f3w oraz ich najbli\u017cszych ju\u017c samo przywr\u00f3cenie cz\u0119\u015bciowej funkcji mowy czy gryzienia i \u017cucia jest niesamowit\u0105 ulg\u0105.<\/p>\n\n\n\n<h4 class=\"wp-block-heading\"><strong>Daj co\u015b z siebie<\/strong><\/h4>\n\n\n\n<p>Roman podkre\u015bla, \u017ce bez swoich wsp\u00f3\u0142pracownik\u00f3w nie by\u0142by w stanie tyle osi\u0105gn\u0105\u0107. Uda\u0142o mu si\u0119 zgromadzi\u0107 wok\u00f3\u0142 siebie ludzi z podobnym nastawieniem do \u017cycia. Wszyscy s\u0105 wolontariuszami, pomagaj\u0105 osobom z niepe\u0142nosprawno\u015bciami w rehabilitacji, urz\u0105dzeniu mieszkania. Do potrzebuj\u0105cych potrafi\u0105 pojecha\u0107 z Wroc\u0142awia do Rzeszowa. <br>\u2013 Komercja komercj\u0105, wiadomo, \u017ce \u017cy\u0107 z czego\u015b trzeba, zap\u0142aci\u0107 rachunki, wszyscy mamy du\u017co pracy. Jednak chyba nie umieliby\u015bmy inaczej. Wraz z pacjentami, kt\u00f3rzy my\u015bl\u0105 podobnie jak my, za\u0142o\u017cyli\u015bmy fundacj\u0119 \u201eDaj co\u015b od siebie\u201d, bo nasze skromne \u015brodki nie wystarczaj\u0105, potrzebuj\u0105cych jest wielu. Mamy nadziej\u0119, \u017ce dzi\u0119ki fundacji uda nam si\u0119 pom\u00f3c kolejnym osobom.<\/p>\n\n\n\n<h4 class=\"wp-block-heading\"><strong>Lekarz z ig\u0142ami<\/strong><\/h4>\n\n\n\n<p>Po 20 latach Roman odnalaz\u0142 swojego dawnego nauczyciela taekwondo, z kt\u00f3rym dzi\u015b trenuj\u0105 jego synowie, a c\u00f3rka ma w przedszkolu karate. Sam wci\u0105\u017c interesuje si\u0119 Dalekim Wschodem. Z tego zainteresowania narodzi\u0142 si\u0119 pomys\u0142 \u015bci\u0105gni\u0119cia do zespo\u0142u specjalisty od akupunktury. Zatrudniona osoba musia\u0142a mie\u0107 sko\u0144czone studia medyczne, medycyny zachodniej \u2013 Roman nie odda\u0142by pacjenta neurologicznego komu\u015b bez tego wykszta\u0142cenia. Po drugie musia\u0142a pochodzi\u0107 z Azji, bo Europejczycy nie znaj\u0105 si\u0119 tak dobrze na akupunkturze. I po trzecie musia\u0142a mie\u0107 sko\u0144czon\u0105 prawdziw\u0105 6-letni\u0105 szko\u0142\u0119 akupunktury. Tak do zespo\u0142u do\u0142\u0105czy\u0142a pochodz\u0105ca z Mongolii lekarka, kt\u00f3ra od lat mieszka w Polsce. <br>\u2013 Sam na sobie do\u015bwiadczy\u0142em skuteczno\u015bci aku-&nbsp;punktury. Wiem, \u017ce wci\u0105\u017c wielu medyk\u00f3w nie wierzy w jej skuteczno\u015b\u0107. Wraz z pani\u0105 doktor prowadzimy badania dotycz\u0105ce wp\u0142ywu akupunktury na popraw\u0119 zdrowia pacjent\u00f3w po wstrz\u0105sie m\u00f3zgu.<\/p>\n\n\n\n<h4 class=\"wp-block-heading\"><strong>Do Francji!<\/strong><\/h4>\n\n\n\n<p>Taekwondo zamieni\u0142 na rower, ale \u2013 jak m\u00f3wi \u2013 kilometry spadaj\u0105 odpowiednio do liczby dzieci i wieku. Ju\u017c nie mo\u017ce sobie pozwoli\u0107 na codzienne dojazdy do pracy 30 km w jedn\u0105 stron\u0119. Wolnych chwil nie ma wi\u0119c za du\u017co. Gdy ju\u017c si\u0119 trafi\u0105, zajmuje si\u0119 odrestaurowywaniem swojego 30-letnie-go Peugota 205 (od zawsze je\u017adzi tylko francuskimi samochodami i rowerami). Kupi\u0142 go 8 lat temu we Francji w nie najlepszym stanie, ale teraz \u2013 ze sprowadzonymi oryginalnymi cz\u0119\u015bciami \u2013 mo\u017ce si\u0119 dumnie prezentowa\u0107 na zjazdach mi\u0142o\u015bnik\u00f3w zabytkowych aut. I \u2013 jak zar\u0119cza Roman \u2013 nawet dzi\u015b mo\u017cna nim dojecha\u0107 do Francji na \u017cabie udka. O to, czy da\u0142oby rad\u0119 jeszcze nim wr\u00f3ci\u0107 \u2013 nie dopytuj\u0119.<\/p>\n\n\n\n<figure class=\"wp-block-image size-large\"><img decoding=\"async\" src=\"https:\/\/fundacja-dajcosodsiebie.pl\/wp-content\/uploads\/2021\/03\/Zrzut-ekranu-2021-03-21-o-11.28.36-1024x740.png\" alt=\"\" class=\"wp-image-1652\"\/><figcaption><em>Fot. Arch. prywatne R.Olejniczak<\/em><\/figcaption><\/figure>\n\n\n\n<p class=\"has-text-align-right\"><strong><em>Agnieszka Gierczak-Cywi\u0144ska<\/em><\/strong><\/p>\n\n\n\n<figure class=\"wp-block-image size-large\"><a href=\"https:\/\/glosfizjoterapeuty.pl\"><img decoding=\"async\" src=\"https:\/\/fundacja-dajcosodsiebie.pl\/wp-content\/uploads\/2021\/03\/Zrzut-ekranu-2021-03-21-o-11.29.46-1024x619.png\" alt=\"\" class=\"wp-image-1653\"\/><\/a><\/figure>\n","protected":false},"excerpt":{"rendered":"<p>Opr\u00f3cz rodziny nie ma nic pi\u0119kniejszego ni\u017c neurologia WSZYSTKO ZACZ\u0118\u0141O&hellip;<\/p>\n<p> <a class=\"more-link\" href=\"https:\/\/klinika-neurorehabilitacji.pl\/de\/wywiad-z-dr-romanem-olejniczakiem\/\">Dowiedz si\u0119 wi\u0119cej<\/a><\/p>\n","protected":false},"author":1,"featured_media":12407,"comment_status":"closed","ping_status":"closed","sticky":false,"template":"","format":"standard","meta":{"_ti_tpc_template_sync":false,"_ti_tpc_template_id":"","footnotes":""},"categories":[1],"tags":[],"_links":{"self":[{"href":"https:\/\/klinika-neurorehabilitacji.pl\/de\/wp-json\/wp\/v2\/posts\/12529"}],"collection":[{"href":"https:\/\/klinika-neurorehabilitacji.pl\/de\/wp-json\/wp\/v2\/posts"}],"about":[{"href":"https:\/\/klinika-neurorehabilitacji.pl\/de\/wp-json\/wp\/v2\/types\/post"}],"author":[{"embeddable":true,"href":"https:\/\/klinika-neurorehabilitacji.pl\/de\/wp-json\/wp\/v2\/users\/1"}],"replies":[{"embeddable":true,"href":"https:\/\/klinika-neurorehabilitacji.pl\/de\/wp-json\/wp\/v2\/comments?post=12529"}],"version-history":[{"count":2,"href":"https:\/\/klinika-neurorehabilitacji.pl\/de\/wp-json\/wp\/v2\/posts\/12529\/revisions"}],"predecessor-version":[{"id":12558,"href":"https:\/\/klinika-neurorehabilitacji.pl\/de\/wp-json\/wp\/v2\/posts\/12529\/revisions\/12558"}],"wp:featuredmedia":[{"embeddable":true,"href":"https:\/\/klinika-neurorehabilitacji.pl\/de\/wp-json\/wp\/v2\/media\/12407"}],"wp:attachment":[{"href":"https:\/\/klinika-neurorehabilitacji.pl\/de\/wp-json\/wp\/v2\/media?parent=12529"}],"wp:term":[{"taxonomy":"category","embeddable":true,"href":"https:\/\/klinika-neurorehabilitacji.pl\/de\/wp-json\/wp\/v2\/categories?post=12529"},{"taxonomy":"post_tag","embeddable":true,"href":"https:\/\/klinika-neurorehabilitacji.pl\/de\/wp-json\/wp\/v2\/tags?post=12529"}],"curies":[{"name":"wp","href":"https:\/\/api.w.org\/{rel}","templated":true}]}}